{"id":15794,"date":"2026-09-02T14:06:28","date_gmt":"2026-09-02T12:06:28","guid":{"rendered":"https:\/\/deseta-gimnazija.hr\/?p=15794"},"modified":"2026-09-02T14:06:28","modified_gmt":"2026-09-02T12:06:28","slug":"popis-ucenika-prvih-razreda-i-pocetak-nastave-u-skolskoj-godini-2026-2027","status":"publish","type":"post","link":"https:\/\/deseta-gimnazija.hr\/?p=15794","title":{"rendered":"Popis u\u010denika prvih razreda i po\u010detak nastave u \u0161kolskoj godini 2026.\/2027."},"content":{"rendered":"<p>Po\u0161tovani u\u010denici i roditelji\/skrbnici,<\/p>\n<p>popis u\u010denika 1. razreda po turnusima svih programa X. gimnazije Ivan Supek za \u0161kolsku godinu 2026.\/2027. objavljen je u <strong>srijedu, 2. 09. 2026.<\/strong> &nbsp;godine u \u0161koli na oglasnim plo\u010dama u prizemlju i na III katu. Pri formiranju razreda \u0161kola zadr\u017eava pravo odre\u0111ivanja drugog stranog jezika prema svojim mogu\u0107nostima kao \u0161to je navedeno i na upisnicama. Zato smo tra\u017eili va\u0161 prvi i drugi izbor (alternativu) za drugi strani jezik. Struktura razreda odre\u0111ena je odabirom u\u010denika (strani jezici, izborni predmet) pri \u010demu se pazilo na po\u0161tivanje prioriteta u\u010denika koliko je to mogu\u0107e.<\/p>\n<p>Razredi&nbsp;&nbsp;<strong>I TURNUSA<\/strong>&nbsp;:<br \/>\nop\u0107a gimnazija \u2013 1.A, 1.B, 1.C i 1.D<br \/>\nop\u0107a gimnazija uz skupinu predmeta na stranom jeziku \u2013 1.E<\/p>\n<p>Razredi&nbsp;&nbsp;<strong>II TURNUSA<\/strong>&nbsp;:<br \/>\nprirodoslovno-matemati\u010dka gimnazija uz skupinu predmeta na stranom jeziku \u2013 1.F i 1.G<br \/>\nprirodoslovno-matemati\u010dka gimnazija \u2013 1.H, 1.I, 1.J i 1.K<\/p>\n<p><strong>Nastavna godina<\/strong> po\u010dinje u ponedjeljak,&nbsp;<strong>7. rujna 2026.<\/strong>&nbsp;&nbsp;godine prema rasporedu:<\/p>\n<p><strong>II turnus&nbsp;<\/strong><br \/>\nPrvi razredi prirodoslovno-matemati\u010dke gimnazije uz skupinu predmeta na stranom jeziku (1.F i 1.G) i prirodoslovno-matemati\u010dke gimnazije (1.H, 1.I, 1.J i 1.K) dolaze ujutro u <strong>7:45<\/strong>&nbsp;&nbsp;sati u svoje mati\u010dne u\u010dionice na 1. sat bez obzira na raspored sati. Prvi razredi 1. i 2. sat \u0107e imati sat razrednika, a od tre\u0107eg sata bit \u0107e redovna nastava prema rasporedu sati.<\/p>\n<p><strong>I turnus<\/strong>&nbsp;<br \/>\nPrvi razredi op\u0107e gimnazije (1.A, 1.B, 1.C i 1.D)&nbsp; i op\u0107e gimnazije uz skupinu predmeta na stranom jeziku (1.E),dolaze popodne u <strong>14:00<\/strong>&nbsp;&nbsp;sati u svoje mati\u010dne u\u010dionice na 1. sat bez obzira na raspored sati. Prvi razredi 1. i 2. sat \u0107e imati sat razrednika, a od tre\u0107eg sata bit \u0107e redovna nastava prema rasporedu sati.<\/p>\n<p>Drugi, tre\u0107i i \u010detvrti razredi&nbsp;<strong>II turnusa<\/strong>&nbsp;dolaze na nastavu&nbsp;<strong>ujutro<\/strong>&nbsp;prema rasporedu sati i imaju redovnu nastavu.<\/p>\n<p>Drugi, tre\u0107i i \u010detvrti razredi&nbsp;<strong>I<\/strong><strong>&nbsp;turnusa<\/strong>&nbsp;dolaze na nastavu&nbsp;<strong>popodne<\/strong>&nbsp;prema rasporedu sati (ako imaju 0. sat dolaze na nastavu u 13:10 sati).<\/p>\n<p>U prvom tjednu (od 7. rujna do 11. rujna) nastavu u <strong>&nbsp;jutarnjem<\/strong>&nbsp;&nbsp;terminu ima&nbsp;&nbsp;<strong>II turnus<\/strong>&nbsp;, a u&nbsp;&nbsp;<strong>poslijepodnevnom I turnus<\/strong>&nbsp;, a drugi tjedan obrnuto.<\/p>\n<p><strong>Raspored sati<\/strong>&nbsp;&nbsp;bit \u0107e objavljen na web stranici \u0161kole do kraja tjedna.<\/p>\n<p><strong>U\u010denici prvog razreda ud\u017ebenike i radne bilje\u017enice dobit \u0107e u ponedjeljak pa molimo da ponesete \u0161kolsku torbu i\/ili ruksak.<\/strong><\/p>\n<p>Nastava u jutarnjem turnusu po\u010dinje u 7:45 i traje do 13:45, odnosno u poslijepodnevnom turnusu po\u010dinje u 14:00 i traje do 20:00 sati. Nastavni sat traje 45 minuta. Mali odmor traje 5 minuta, a veliki odmor 20 minuta i u obje smjene je nakon tre\u0107eg sata tj. od 10:10 \u2013 10:30 u jutarnjoj smjeni, a poslijepodnevnoj smjeni je od 16:25 \u2013 16:45 sati.<\/p>\n<div>Svim u\u010denicima, roditeljima\/skrbnicima i nastavnicima \u017eelim ugodnu, sretnu i uspje\u0161nu novu \u0161kolsku godinu.<\/div>\n<div>\n<div>&nbsp; &nbsp; &nbsp; &nbsp; &nbsp; &nbsp; &nbsp; &nbsp; &nbsp; &nbsp; &nbsp; &nbsp; &nbsp; &nbsp; &nbsp; &nbsp; &nbsp; &nbsp; &nbsp; &nbsp; &nbsp; &nbsp; &nbsp; &nbsp; &nbsp; &nbsp; &nbsp; &nbsp; &nbsp; &nbsp; &nbsp; &nbsp; &nbsp; &nbsp; &nbsp; &nbsp; &nbsp; &nbsp; &nbsp; &nbsp; &nbsp; &nbsp; &nbsp; &nbsp; &nbsp; &nbsp; &nbsp; &nbsp; &nbsp; &nbsp; &nbsp; &nbsp; &nbsp; &nbsp; &nbsp; &nbsp; &nbsp; &nbsp; &nbsp; &nbsp; &nbsp; &nbsp; &nbsp; &nbsp; &nbsp; &nbsp; &nbsp; &nbsp; &nbsp; &nbsp;Ravnatelj:<\/div>\n<div>&nbsp; &nbsp; &nbsp; &nbsp; &nbsp; &nbsp; &nbsp; &nbsp; &nbsp; &nbsp; &nbsp; &nbsp; &nbsp; &nbsp; &nbsp; &nbsp; &nbsp; &nbsp; &nbsp; &nbsp; &nbsp; &nbsp; &nbsp; &nbsp; &nbsp; &nbsp; &nbsp; &nbsp; &nbsp; &nbsp; &nbsp; &nbsp; &nbsp; &nbsp; &nbsp; &nbsp; &nbsp; &nbsp; &nbsp; &nbsp; &nbsp; &nbsp; &nbsp; &nbsp; &nbsp; &nbsp; &nbsp; &nbsp; &nbsp; &nbsp; &nbsp; &nbsp; &nbsp; &nbsp; &nbsp; &nbsp; &nbsp; &nbsp; &nbsp; &nbsp; &nbsp; &nbsp; &nbsp; &nbsp; &nbsp; &nbsp; Damir Vresk, dipl. ing.<\/div>\n<\/div>\n","protected":false},"excerpt":{"rendered":"<p>Po\u0161tovani u\u010denici i roditelji\/skrbnici, popis u\u010denika 1. razreda po turnusima svih programa X. gimnazije Ivan Supek za \u0161kolsku godinu 2026.\/2027. objavljen je u srijedu, 2. 09. 2026. &nbsp;godine u \u0161koli na oglasnim plo\u010dama u prizemlju i na III katu. Pri formiranju razreda \u0161kola zadr\u017eava pravo odre\u0111ivanja drugog stranog jezika prema svojim mogu\u0107nostima kao \u0161to je [&hellip;]<\/p>\n","protected":false},"author":2,"featured_media":0,"comment_status":"closed","ping_status":"closed","sticky":false,"template":"","format":"standard","meta":{"ngg_post_thumbnail":0,"footnotes":""},"categories":[5],"tags":[],"_links":{"self":[{"href":"https:\/\/deseta-gimnazija.hr\/index.php?rest_route=\/wp\/v2\/posts\/15794"}],"collection":[{"href":"https:\/\/deseta-gimnazija.hr\/index.php?rest_route=\/wp\/v2\/posts"}],"about":[{"href":"https:\/\/deseta-gimnazija.hr\/index.php?rest_route=\/wp\/v2\/types\/post"}],"author":[{"embeddable":true,"href":"https:\/\/deseta-gimnazija.hr\/index.php?rest_route=\/wp\/v2\/users\/2"}],"replies":[{"embeddable":true,"href":"https:\/\/deseta-gimnazija.hr\/index.php?rest_route=%2Fwp%2Fv2%2Fcomments&post=15794"}],"version-history":[{"count":3,"href":"https:\/\/deseta-gimnazija.hr\/index.php?rest_route=\/wp\/v2\/posts\/15794\/revisions"}],"predecessor-version":[{"id":15813,"href":"https:\/\/deseta-gimnazija.hr\/index.php?rest_route=\/wp\/v2\/posts\/15794\/revisions\/15813"}],"wp:attachment":[{"href":"https:\/\/deseta-gimnazija.hr\/index.php?rest_route=%2Fwp%2Fv2%2Fmedia&parent=15794"}],"wp:term":[{"taxonomy":"category","embeddable":true,"href":"https:\/\/deseta-gimnazija.hr\/index.php?rest_route=%2Fwp%2Fv2%2Fcategories&post=15794"},{"taxonomy":"post_tag","embeddable":true,"href":"https:\/\/deseta-gimnazija.hr\/index.php?rest_route=%2Fwp%2Fv2%2Ftags&post=15794"}],"curies":[{"name":"wp","href":"https:\/\/api.w.org\/{rel}","templated":true}]}}