{"id":15195,"date":"2026-03-11T12:37:09","date_gmt":"2026-03-11T10:37:09","guid":{"rendered":"https:\/\/deseta-gimnazija.hr\/?p=15195"},"modified":"2026-03-11T12:37:09","modified_gmt":"2026-03-11T10:37:09","slug":"vrline-antickih-junaka-otvorenje-izlozbe","status":"publish","type":"post","link":"https:\/\/deseta-gimnazija.hr\/?p=15195","title":{"rendered":"&#8220;Vrline anti\u010dkih junaka&#8221; &#8211; otvorenje izlo\u017ebe"},"content":{"rendered":"<p>Pozivamo Vas na otvorenje izlo\u017ebe &#8220;Vrline anti\u010dkih junaka&#8221; koje \u0107e se odr\u017eati dana 17. o\u017eujka 2026. godine na velikim stepenicama od tre\u0107eg prema \u010detvrtom katu na\u0161e \u0160kole. Kroz otvorenje izlo\u017ebe predstavit \u0107e i aktivnosti provedene u okviru istomenog projekta. Program mo\u017eete vidjeti u privitku.<\/p>\n<p><img loading=\"lazy\" decoding=\"async\" class=\"size-full wp-image-15197 aligncenter\" src=\"https:\/\/deseta-gimnazija.hr\/wp-content\/uploads\/2026\/03\/program.png\" alt=\"\" width=\"1414\" height=\"2000\" srcset=\"https:\/\/deseta-gimnazija.hr\/wp-content\/uploads\/2026\/03\/program.png 1414w, https:\/\/deseta-gimnazija.hr\/wp-content\/uploads\/2026\/03\/program-212x300.png 212w, https:\/\/deseta-gimnazija.hr\/wp-content\/uploads\/2026\/03\/program-724x1024.png 724w, https:\/\/deseta-gimnazija.hr\/wp-content\/uploads\/2026\/03\/program-768x1086.png 768w, https:\/\/deseta-gimnazija.hr\/wp-content\/uploads\/2026\/03\/program-1086x1536.png 1086w, https:\/\/deseta-gimnazija.hr\/wp-content\/uploads\/2026\/03\/program-1000x1414.png 1000w, https:\/\/deseta-gimnazija.hr\/wp-content\/uploads\/2026\/03\/program-230x325.png 230w, https:\/\/deseta-gimnazija.hr\/wp-content\/uploads\/2026\/03\/program-350x495.png 350w, https:\/\/deseta-gimnazija.hr\/wp-content\/uploads\/2026\/03\/program-480x679.png 480w\" sizes=\"(max-width: 1414px) 100vw, 1414px\" \/><\/p>\n","protected":false},"excerpt":{"rendered":"<p>Pozivamo Vas na otvorenje izlo\u017ebe &#8220;Vrline anti\u010dkih junaka&#8221; koje \u0107e se odr\u017eati dana 17. o\u017eujka 2026. godine na velikim stepenicama od tre\u0107eg prema \u010detvrtom katu na\u0161e \u0160kole. Kroz otvorenje izlo\u017ebe predstavit \u0107e i aktivnosti provedene u okviru istomenog projekta. Program mo\u017eete vidjeti u privitku.<\/p>\n","protected":false},"author":4,"featured_media":0,"comment_status":"closed","ping_status":"closed","sticky":false,"template":"","format":"standard","meta":{"ngg_post_thumbnail":0,"footnotes":""},"categories":[17,5],"tags":[],"_links":{"self":[{"href":"https:\/\/deseta-gimnazija.hr\/index.php?rest_route=\/wp\/v2\/posts\/15195"}],"collection":[{"href":"https:\/\/deseta-gimnazija.hr\/index.php?rest_route=\/wp\/v2\/posts"}],"about":[{"href":"https:\/\/deseta-gimnazija.hr\/index.php?rest_route=\/wp\/v2\/types\/post"}],"author":[{"embeddable":true,"href":"https:\/\/deseta-gimnazija.hr\/index.php?rest_route=\/wp\/v2\/users\/4"}],"replies":[{"embeddable":true,"href":"https:\/\/deseta-gimnazija.hr\/index.php?rest_route=%2Fwp%2Fv2%2Fcomments&post=15195"}],"version-history":[{"count":2,"href":"https:\/\/deseta-gimnazija.hr\/index.php?rest_route=\/wp\/v2\/posts\/15195\/revisions"}],"predecessor-version":[{"id":15198,"href":"https:\/\/deseta-gimnazija.hr\/index.php?rest_route=\/wp\/v2\/posts\/15195\/revisions\/15198"}],"wp:attachment":[{"href":"https:\/\/deseta-gimnazija.hr\/index.php?rest_route=%2Fwp%2Fv2%2Fmedia&parent=15195"}],"wp:term":[{"taxonomy":"category","embeddable":true,"href":"https:\/\/deseta-gimnazija.hr\/index.php?rest_route=%2Fwp%2Fv2%2Fcategories&post=15195"},{"taxonomy":"post_tag","embeddable":true,"href":"https:\/\/deseta-gimnazija.hr\/index.php?rest_route=%2Fwp%2Fv2%2Ftags&post=15195"}],"curies":[{"name":"wp","href":"https:\/\/api.w.org\/{rel}","templated":true}]}}